{"id":9576,"date":"2016-05-25T11:34:42","date_gmt":"2016-05-25T16:34:42","guid":{"rendered":"http:\/\/www.pixart.mx\/web\/?p=9576"},"modified":"2016-07-07T15:45:38","modified_gmt":"2016-07-07T20:45:38","slug":"gala-en-el-castillo","status":"publish","type":"post","link":"https:\/\/www.pixart.mx\/web\/gala-en-el-castillo\/","title":{"rendered":"Gala en el Castillo | Fotograf\u00eda de Moda"},"content":{"rendered":"<p><strong>Modelo:<\/strong>\u00a0Yunuen Zamorano<br \/>\n<strong>Vestuario<\/strong>: Rossy Bela<br \/>\n<strong>Estilista de Moda<\/strong>: Stephany Monterrubio<br \/>\n<strong>Fotograf\u00eda:<\/strong> <a href=\"https:\/\/www.facebook.com\/jvaronh\" target=\"_blank\">Jaime Var\u00f3n Halabe<\/a><br \/>\n<strong>Postproducci\u00f3n:<\/strong>\u00a0<a href=\"http:\/\/www.pixart.mx\/\" target=\"_blank\">Pixart<\/a><\/p>\n<p>&nbsp;<\/p>\n<div id=\"jig1\" class=\"justified-image-grid jig-f36a940803960fdbe6024bde02e177a5 jig-preset-3 jig-source-nextgen\"><div class=\"jig-clearfix\"><\/div><noscript id=\"jig1-html\" class=\"justified-image-grid-html\" data-lazy-src=\"skiplazyload\" data-src=\"skipunveillazyload\"><ul><li><a href=\"https:\/\/www.pixart.mx\/web\/wp-content\/gallery\/Gala-en-el-Castillo\/Pixart_1604_ModaNikon_Armado-pelo-1.jpg\"><img loading=\"lazy\" decoding=\"async\" src=\"https:\/\/www.pixart.mx\/web\/wp-content\/plugins\/justified-image-grid\/timthumb.php?src=https%3A%2F%2Fwww.pixart.mx%2Fweb%2Fwp-content%2Fgallery%2FGala-en-el-Castillo%2FPixart_1604_ModaNikon_Armado-pelo-1.jpg&amp;h=580&amp;q=90&amp;f=.jpg\" alt=\"\" width=\"1075\" height=\"580\" \/><\/a><\/li><li><a href=\"https:\/\/www.pixart.mx\/web\/wp-content\/gallery\/Gala-en-el-Castillo\/Pixart_1604_ModaNikon_Armado-morado.jpg\"><img loading=\"lazy\" decoding=\"async\" src=\"https:\/\/www.pixart.mx\/web\/wp-content\/plugins\/justified-image-grid\/timthumb.php?src=https%3A%2F%2Fwww.pixart.mx%2Fweb%2Fwp-content%2Fgallery%2FGala-en-el-Castillo%2FPixart_1604_ModaNikon_Armado-morado.jpg&amp;h=580&amp;q=90&amp;f=.jpg\" alt=\"\" width=\"406\" height=\"580\" \/><\/a><\/li><li><a href=\"https:\/\/www.pixart.mx\/web\/wp-content\/gallery\/Gala-en-el-Castillo\/Pixart_1604_ModaNikon_Armado-negro.jpg\"><img loading=\"lazy\" decoding=\"async\" src=\"https:\/\/www.pixart.mx\/web\/wp-content\/plugins\/justified-image-grid\/timthumb.php?src=https%3A%2F%2Fwww.pixart.mx%2Fweb%2Fwp-content%2Fgallery%2FGala-en-el-Castillo%2FPixart_1604_ModaNikon_Armado-negro.jpg&amp;h=580&amp;q=90&amp;f=.jpg\" alt=\"\" width=\"406\" height=\"580\" \/><\/a><\/li><li><a href=\"https:\/\/www.pixart.mx\/web\/wp-content\/gallery\/Gala-en-el-Castillo\/Pixart_1604_ModaNikon_Armado-piso.jpg\"><img loading=\"lazy\" decoding=\"async\" src=\"https:\/\/www.pixart.mx\/web\/wp-content\/plugins\/justified-image-grid\/timthumb.php?src=https%3A%2F%2Fwww.pixart.mx%2Fweb%2Fwp-content%2Fgallery%2FGala-en-el-Castillo%2FPixart_1604_ModaNikon_Armado-piso.jpg&amp;h=580&amp;q=90&amp;f=.jpg\" alt=\"\" width=\"1075\" height=\"580\" \/><\/a><\/li><li><a href=\"https:\/\/www.pixart.mx\/web\/wp-content\/gallery\/Gala-en-el-Castillo\/Pixart_1604_ModaNikon_Armado-tull-1.jpg\"><img loading=\"lazy\" decoding=\"async\" src=\"https:\/\/www.pixart.mx\/web\/wp-content\/plugins\/justified-image-grid\/timthumb.php?src=https%3A%2F%2Fwww.pixart.mx%2Fweb%2Fwp-content%2Fgallery%2FGala-en-el-Castillo%2FPixart_1604_ModaNikon_Armado-tull-1.jpg&amp;h=580&amp;q=90&amp;f=.jpg\" alt=\"\" width=\"1075\" height=\"580\" \/><\/a><\/li><li><a href=\"https:\/\/www.pixart.mx\/web\/wp-content\/gallery\/Gala-en-el-Castillo\/Pixart_1604_ModaNikon_Armado-trio.jpg\"><img loading=\"lazy\" decoding=\"async\" src=\"https:\/\/www.pixart.mx\/web\/wp-content\/plugins\/justified-image-grid\/timthumb.php?src=https%3A%2F%2Fwww.pixart.mx%2Fweb%2Fwp-content%2Fgallery%2FGala-en-el-Castillo%2FPixart_1604_ModaNikon_Armado-trio.jpg&amp;h=580&amp;q=90&amp;f=.jpg\" alt=\"\" width=\"1075\" height=\"580\" \/><\/a><\/li><\/ul><\/noscript><\/div>\n<h3>M\u00e9xico Fotograf\u00eda Editorial de Moda<\/h3>\n<p>&nbsp;<\/p>\n<h3>Jaime Var\u00f3n\u00a0|\u00a0Pixart<\/h3>\n<p><strong>01 8004\u2013PIXART<\/strong>\u00a0o al\u00a0<strong>+52 (55) 5531-0573<\/strong> o m\u00e1ndanos un email\u00a0<a title=\"Contacto\" href=\"http:\/\/www.pixart.mx\/web\/contacto\/\"><strong>aqu\u00ed<\/strong><\/a>\u00a0para que platiquemos tus necesidades.<\/p>\n<p><strong>Web<\/strong> &#8211;\u00a0<a href=\"http:\/\/www.pixart.mx\">www.pixart.mx<\/a><br \/>\n<strong>Blog<\/strong> &#8211;\u00a0<a href=\"http:\/\/www.pixart.mx\/web\/blog\">www.pixart.mx\/web\/blog<br \/>\n<\/a><strong>Facebook<\/strong> &#8211; <a href=\"http:\/\/www.facebook.com\/pixartmx\">www.facebook.com\/pixartmx<\/a><strong><a href=\"http:\/\/www.facebook.com\/pixartmx\"><br \/>\n<\/a><\/strong><\/p>\n","protected":false},"excerpt":{"rendered":"<p>Modelo:\u00a0Yunuen Zamorano Vestuario: Rossy Bela Estilista de Moda: Stephany Monterrubio Fotograf\u00eda: Jaime Var\u00f3n Halabe Postproducci\u00f3n:\u00a0Pixart &nbsp; M\u00e9xico Fotograf\u00eda Editorial de Moda &nbsp; Jaime Var\u00f3n\u00a0|\u00a0Pixart 01 8004\u2013PIXART\u00a0o al\u00a0+52 (55) 5531-0573 o m\u00e1ndanos un email\u00a0aqu\u00ed\u00a0para que platiquemos tus necesidades. Web &#8211;\u00a0www.pixart.mx Blog &#8211;\u00a0www.pixart.mx\/web\/blog Facebook &#8211; www.facebook.com\/pixartmx<\/p>\n","protected":false},"author":1,"featured_media":9598,"comment_status":"open","ping_status":"open","sticky":false,"template":"","format":"standard","meta":{"_monsterinsights_skip_tracking":false,"_monsterinsights_sitenote_active":false,"_monsterinsights_sitenote_note":"","_monsterinsights_sitenote_category":0,"ngg_post_thumbnail":0,"footnotes":""},"categories":[182],"tags":[],"class_list":["post-9576","post","type-post","status-publish","format-standard","has-post-thumbnail","hentry","category-proyectos"],"aioseo_notices":[],"_links":{"self":[{"href":"https:\/\/www.pixart.mx\/web\/wp-json\/wp\/v2\/posts\/9576","targetHints":{"allow":["GET"]}}],"collection":[{"href":"https:\/\/www.pixart.mx\/web\/wp-json\/wp\/v2\/posts"}],"about":[{"href":"https:\/\/www.pixart.mx\/web\/wp-json\/wp\/v2\/types\/post"}],"author":[{"embeddable":true,"href":"https:\/\/www.pixart.mx\/web\/wp-json\/wp\/v2\/users\/1"}],"replies":[{"embeddable":true,"href":"https:\/\/www.pixart.mx\/web\/wp-json\/wp\/v2\/comments?post=9576"}],"version-history":[{"count":11,"href":"https:\/\/www.pixart.mx\/web\/wp-json\/wp\/v2\/posts\/9576\/revisions"}],"predecessor-version":[{"id":9919,"href":"https:\/\/www.pixart.mx\/web\/wp-json\/wp\/v2\/posts\/9576\/revisions\/9919"}],"wp:featuredmedia":[{"embeddable":true,"href":"https:\/\/www.pixart.mx\/web\/wp-json\/wp\/v2\/media\/9598"}],"wp:attachment":[{"href":"https:\/\/www.pixart.mx\/web\/wp-json\/wp\/v2\/media?parent=9576"}],"wp:term":[{"taxonomy":"category","embeddable":true,"href":"https:\/\/www.pixart.mx\/web\/wp-json\/wp\/v2\/categories?post=9576"},{"taxonomy":"post_tag","embeddable":true,"href":"https:\/\/www.pixart.mx\/web\/wp-json\/wp\/v2\/tags?post=9576"}],"curies":[{"name":"wp","href":"https:\/\/api.w.org\/{rel}","templated":true}]}}