{"id":9961,"date":"2016-07-07T17:27:22","date_gmt":"2016-07-07T22:27:22","guid":{"rendered":"http:\/\/www.pixart.mx\/web\/?p=9961"},"modified":"2016-07-07T17:26:09","modified_gmt":"2016-07-07T22:26:09","slug":"edificio-mabe-fotografia-de-arquitectura","status":"publish","type":"post","link":"https:\/\/www.pixart.mx\/web\/edificio-mabe-fotografia-de-arquitectura\/","title":{"rendered":"Edificio Mabe | Fotograf\u00eda de Arquitectura"},"content":{"rendered":"<div id=\"jig1\" class=\"justified-image-grid jig-1f195c5b1508744906996d194e866f14 jig-preset-3 jig-source-nextgen\"><div class=\"jig-clearfix\"><\/div><noscript id=\"jig1-html\" class=\"justified-image-grid-html\" data-lazy-src=\"skiplazyload\" data-src=\"skipunveillazyload\"><ul><li><a href=\"https:\/\/www.pixart.mx\/web\/wp-content\/gallery\/Post-Edificio-Mabe\/Pixart_Arquitectura_130701_0007.jpg\" title=\"Pixart_Arquitectura_130701_0007\"><img loading=\"lazy\" decoding=\"async\" src=\"https:\/\/www.pixart.mx\/web\/wp-content\/plugins\/justified-image-grid\/timthumb.php?src=https%3A%2F%2Fwww.pixart.mx%2Fweb%2Fwp-content%2Fgallery%2FPost-Edificio-Mabe%2FPixart_Arquitectura_130701_0007.jpg&amp;h=580&amp;q=90&amp;f=.jpg\" alt=\"Pixart_Arquitectura_130701_0007\" width=\"870\" height=\"580\" \/><\/a><p class=\"jig-HTMLdescription\">Pixart_Arquitectura_130701_0007<\/p><\/li><\/ul><\/noscript><\/div>\n<h3>M\u00e9xico Fotograf\u00eda Editorial de Arquitectura<\/h3>\n<p>&nbsp;<\/p>\n<h3>Jaime Var\u00f3n\u00a0|\u00a0Pixart<\/h3>\n<p><strong>01 8004\u2013PIXART<\/strong>\u00a0o al\u00a0<strong>+52 (55) 5531-0573<\/strong> o m\u00e1ndanos un email\u00a0<a title=\"Contacto\" href=\"http:\/\/www.pixart.mx\/web\/contacto\/\"><strong>aqu\u00ed<\/strong><\/a>\u00a0para que platiquemos tus necesidades.<\/p>\n<p><strong>Web<\/strong> &#8211;\u00a0<a href=\"http:\/\/www.pixart.mx\">www.pixart.mx<\/a><br \/>\n<strong>Blog<\/strong> &#8211;\u00a0<a href=\"http:\/\/www.pixart.mx\/web\/blog\">www.pixart.mx\/web\/blog<br \/>\n<\/a><strong>Facebook<\/strong> &#8211; <a href=\"http:\/\/www.facebook.com\/pixartmx\">www.facebook.com\/pixartmx<\/a><strong><a href=\"http:\/\/www.facebook.com\/pixartmx\"><br \/>\n<\/a><\/strong><\/p>\n","protected":false},"excerpt":{"rendered":"<p>M\u00e9xico Fotograf\u00eda Editorial de Arquitectura &nbsp; Jaime Var\u00f3n\u00a0|\u00a0Pixart 01 8004\u2013PIXART\u00a0o al\u00a0+52 (55) 5531-0573 o m\u00e1ndanos un email\u00a0aqu\u00ed\u00a0para que platiquemos tus necesidades. Web &#8211;\u00a0www.pixart.mx Blog &#8211;\u00a0www.pixart.mx\/web\/blog Facebook &#8211; www.facebook.com\/pixartmx<\/p>\n","protected":false},"author":1,"featured_media":9962,"comment_status":"open","ping_status":"open","sticky":false,"template":"","format":"standard","meta":{"_monsterinsights_skip_tracking":false,"_monsterinsights_sitenote_active":false,"_monsterinsights_sitenote_note":"","_monsterinsights_sitenote_category":0,"ngg_post_thumbnail":0,"footnotes":""},"categories":[182],"tags":[],"class_list":["post-9961","post","type-post","status-publish","format-standard","has-post-thumbnail","hentry","category-proyectos"],"aioseo_notices":[],"_links":{"self":[{"href":"https:\/\/www.pixart.mx\/web\/wp-json\/wp\/v2\/posts\/9961","targetHints":{"allow":["GET"]}}],"collection":[{"href":"https:\/\/www.pixart.mx\/web\/wp-json\/wp\/v2\/posts"}],"about":[{"href":"https:\/\/www.pixart.mx\/web\/wp-json\/wp\/v2\/types\/post"}],"author":[{"embeddable":true,"href":"https:\/\/www.pixart.mx\/web\/wp-json\/wp\/v2\/users\/1"}],"replies":[{"embeddable":true,"href":"https:\/\/www.pixart.mx\/web\/wp-json\/wp\/v2\/comments?post=9961"}],"version-history":[{"count":1,"href":"https:\/\/www.pixart.mx\/web\/wp-json\/wp\/v2\/posts\/9961\/revisions"}],"predecessor-version":[{"id":9963,"href":"https:\/\/www.pixart.mx\/web\/wp-json\/wp\/v2\/posts\/9961\/revisions\/9963"}],"wp:featuredmedia":[{"embeddable":true,"href":"https:\/\/www.pixart.mx\/web\/wp-json\/wp\/v2\/media\/9962"}],"wp:attachment":[{"href":"https:\/\/www.pixart.mx\/web\/wp-json\/wp\/v2\/media?parent=9961"}],"wp:term":[{"taxonomy":"category","embeddable":true,"href":"https:\/\/www.pixart.mx\/web\/wp-json\/wp\/v2\/categories?post=9961"},{"taxonomy":"post_tag","embeddable":true,"href":"https:\/\/www.pixart.mx\/web\/wp-json\/wp\/v2\/tags?post=9961"}],"curies":[{"name":"wp","href":"https:\/\/api.w.org\/{rel}","templated":true}]}}